{"id":91,"date":"2025-03-21T15:35:33","date_gmt":"2025-03-21T20:35:33","guid":{"rendered":"https:\/\/de.artereciclada.com.br\/?p=91"},"modified":"2025-03-21T15:35:35","modified_gmt":"2025-03-21T20:35:35","slug":"mode-der-generation-z","status":"publish","type":"post","link":"https:\/\/de.artereciclada.com.br\/it\/mode\/mode-der-generation-z\/","title":{"rendered":"Mode der Generation Z: Ein neuer Ansatz f\u00fcr Selbstbewusstsein und Individualit\u00e4t"},"content":{"rendered":"<p>Die <strong>Mode der Generation Z<\/strong> ist mehr als nur eine Ausdrucksform der aktuellen Trends \u2013 sie ist ein Symbol f\u00fcr das Streben nach Selbstbewusstsein, Individualit\u00e4t und einer neuen Perspektive auf gesellschaftliche Normen. Diese Generation, geboren zwischen 1997 und 2012, ist nicht nur mit Technologie aufgewachsen, sondern hat auch die F\u00e4higkeit, sich selbst zu definieren und ihre Identit\u00e4t auf einzigartige Weise zu pr\u00e4sentieren. In der Mode zeigt sich dies durch eine bemerkenswerte Ablehnung traditioneller Standards und eine Hinwendung zu Diversit\u00e4t, Inklusion und Selbstbestimmung.<\/p>\n\n\n\n<figure class=\"wp-block-image size-large\"><img fetchpriority=\"high\" decoding=\"async\" width=\"1024\" height=\"585\" src=\"https:\/\/de.artereciclada.com.br\/wp-content\/uploads\/2025\/03\/DALL\u00b7E-2025-03-21-17.31.43-A-vibrant-scene-showcasing-the-fashion-of-Generation-Z-where-individuality-and-self-confidence-are-expressed-through-clothing.-The-focus-is-on-a-grou-1-1024x585.webp\" alt=\"\" class=\"wp-image-92\" srcset=\"https:\/\/de.artereciclada.com.br\/wp-content\/uploads\/2025\/03\/DALL\u00b7E-2025-03-21-17.31.43-A-vibrant-scene-showcasing-the-fashion-of-Generation-Z-where-individuality-and-self-confidence-are-expressed-through-clothing.-The-focus-is-on-a-grou-1-1024x585.webp 1024w, https:\/\/de.artereciclada.com.br\/wp-content\/uploads\/2025\/03\/DALL\u00b7E-2025-03-21-17.31.43-A-vibrant-scene-showcasing-the-fashion-of-Generation-Z-where-individuality-and-self-confidence-are-expressed-through-clothing.-The-focus-is-on-a-grou-1-300x171.webp 300w, https:\/\/de.artereciclada.com.br\/wp-content\/uploads\/2025\/03\/DALL\u00b7E-2025-03-21-17.31.43-A-vibrant-scene-showcasing-the-fashion-of-Generation-Z-where-individuality-and-self-confidence-are-expressed-through-clothing.-The-focus-is-on-a-grou-1-768x439.webp 768w, https:\/\/de.artereciclada.com.br\/wp-content\/uploads\/2025\/03\/DALL\u00b7E-2025-03-21-17.31.43-A-vibrant-scene-showcasing-the-fashion-of-Generation-Z-where-individuality-and-self-confidence-are-expressed-through-clothing.-The-focus-is-on-a-grou-1-1536x878.webp 1536w, https:\/\/de.artereciclada.com.br\/wp-content\/uploads\/2025\/03\/DALL\u00b7E-2025-03-21-17.31.43-A-vibrant-scene-showcasing-the-fashion-of-Generation-Z-where-individuality-and-self-confidence-are-expressed-through-clothing.-The-focus-is-on-a-grou-1-18x10.webp 18w, https:\/\/de.artereciclada.com.br\/wp-content\/uploads\/2025\/03\/DALL\u00b7E-2025-03-21-17.31.43-A-vibrant-scene-showcasing-the-fashion-of-Generation-Z-where-individuality-and-self-confidence-are-expressed-through-clothing.-The-focus-is-on-a-grou-1.webp 1792w\" sizes=\"(max-width: 1024px) 100vw, 1024px\" \/><\/figure>\n\n\n\n<div class=\"wp-block-rank-math-toc-block\" id=\"rank-math-toc\"><h2><strong>Mode der Generation Z<\/strong><\/h2><nav><ul><li class=\"\"><a href=\"#was-macht-die-mode-der-generation-z-aus\">Was macht die Mode der Generation Z aus?<\/a><\/li><li class=\"\"><a href=\"#die-merkmale-der-mode-der-generation-z\">Die Merkmale der Mode der Generation Z<\/a><ul><li class=\"\"><a href=\"#1-individualitat-und-authentizitat\">1. Individualit\u00e4t und Authentizit\u00e4t<\/a><\/li><li class=\"\"><a href=\"#2-nachhaltigkeit-und-ethische-mode\">2. Nachhaltigkeit und ethische Mode<\/a><\/li><li class=\"\"><a href=\"#3-gender-neutralitat-und-inklusion\">3. Gender-Neutralit\u00e4t und Inklusion<\/a><\/li><li class=\"\"><a href=\"#4-technologische-integration\">4. Technologische Integration<\/a><\/li><li class=\"\"><a href=\"#5-vintage-und-nostalgie\">5. Vintage und Nostalgie<\/a><\/li><\/ul><\/li><li class=\"\"><a href=\"#die-mode-ikonen-der-generation-z\">Die Mode-Ikonen der Generation Z<\/a><\/li><li class=\"\"><a href=\"#fazit-die-zukunft-der-mode-liegt-in-der-individualitat\">Fazit: Die Zukunft der Mode liegt in der Individualit\u00e4t<\/a><\/li><\/ul><\/nav><\/div>\n\n\n\n<h2 class=\"wp-block-heading\" id=\"was-macht-die-mode-der-generation-z-aus\">Was macht die Mode der Generation Z aus?<\/h2>\n\n\n\n<p><strong>Mode der Generation Z<\/strong> steht f\u00fcr Vielfalt, Kreativit\u00e4t und die Freiheit, sich selbst auszudr\u00fccken. Die Jugendlichen und jungen Erwachsenen dieser Generation lehnen Uniformit\u00e4t ab und bevorzugen stattdessen einzigartige, pers\u00f6nliche Stile, die ihre Individualit\u00e4t unterstreichen. Sie brechen mit traditionellen Modekonventionen, indem sie ihre eigenen Regeln aufstellen und Trends auf ihre eigene Weise interpretieren.<\/p>\n\n\n\n<p>Ein markanter Aspekt dieser Mode ist die Verschmelzung von verschiedenen Stilen und Kulturen. Die Generation Z ist in einer globalisierten Welt aufgewachsen, in der der Austausch von Ideen und kulturellen Einfl\u00fcssen nahtlos erfolgt. Dies hat zu einer Hybridisierung von Stilen gef\u00fchrt, bei der Elemente aus verschiedenen Epochen, Subkulturen und geografischen Regionen miteinander kombiniert werden.<\/p>\n\n\n\n<h2 class=\"wp-block-heading\" id=\"die-merkmale-der-mode-der-generation-z\">Die Merkmale der Mode der Generation Z<\/h2>\n\n\n\n<h3 class=\"wp-block-heading\" id=\"1-individualitat-und-authentizitat\">1. Individualit\u00e4t und Authentizit\u00e4t<\/h3>\n\n\n\n<p>Die Generation Z sch\u00e4tzt <strong>Individualit\u00e4t<\/strong> \u00fcber alles. Diese Modegeneration setzt auf Outfits, die ihre Pers\u00f6nlichkeit und einzigartigen Interessen widerspiegeln, anstatt sich blind an Massenproduktion und Trends zu orientieren. Anstatt sich an saisonale Modetrends zu halten, experimentieren sie mit verschiedenen Looks, die ihre Authentizit\u00e4t betonen. Sie bevorzugen unkonventionelle Kombinationen und kombinieren Mode, die ihre innere Welt widerspiegelt \u2013 von Vintage-Teilen \u00fcber DIY-Kreationen bis hin zu Second-Hand-Mode.<\/p>\n\n\n\n<h3 class=\"wp-block-heading\" id=\"2-nachhaltigkeit-und-ethische-mode\">2. Nachhaltigkeit und ethische Mode<\/h3>\n\n\n\n<p>Ein weiteres herausragendes Merkmal der <strong>Mode der Generation Z<\/strong> ist ihr starkes Bewusstsein f\u00fcr die Umwelt und die sozialen Auswirkungen ihrer Entscheidungen. Diese Generation ist sich der negativen Auswirkungen der Modeindustrie auf die Umwelt sehr bewusst und bevorzugt daher <strong>nachhaltige Mode<\/strong>. Sie entscheiden sich oft f\u00fcr Marken, die umweltfreundliche Materialien verwenden, faire Arbeitspraktiken f\u00f6rdern und Verantwortung f\u00fcr ihren \u00f6kologischen Fu\u00dfabdruck \u00fcbernehmen.<\/p>\n\n\n\n<p><strong>Second-Hand-Mode<\/strong>, <strong>Upcycling<\/strong> und das <strong>Verleihen von Kleidung<\/strong> sind bei dieser Generation weit verbreitet, da sie alternative M\u00f6glichkeiten zur Massenproduktion unterst\u00fctzen. Marken wie <strong>Patagonia<\/strong>, die auf Nachhaltigkeit und ethische Praktiken setzen, sind bei der Generation Z besonders beliebt.<\/p>\n\n\n\n<h3 class=\"wp-block-heading\" id=\"3-gender-neutralitat-und-inklusion\">3. Gender-Neutralit\u00e4t und Inklusion<\/h3>\n\n\n\n<p>Die <strong>Mode der Generation Z<\/strong> bricht auch mit traditionellen Geschlechternormen. Diese Generation setzt auf <strong>genderneutrale<\/strong> Mode, die keine klare Unterscheidung zwischen \u201em\u00e4nnlich\u201c und \u201eweiblich\u201c macht. Sie bevorzugen Kleidungsst\u00fccke, die f\u00fcr alle Geschlechter geeignet sind, unabh\u00e4ngig von den gesellschaftlichen Erwartungen. Hosen, T-Shirts, Jacken \u2013 Kleidungsst\u00fccke werden zunehmend geschlechts\u00fcbergreifend getragen und in verschiedenen Formen angeboten, die f\u00fcr alle zug\u00e4nglich sind.<\/p>\n\n\n\n<p>Dar\u00fcber hinaus ist <strong>Inklusion<\/strong> ein zentrales Thema. Die Mode der Generation Z setzt auf Vielfalt und Chancengleichheit f\u00fcr alle K\u00f6rperformen, Hautfarben und kulturellen Hintergr\u00fcnde. Modemarken, die Menschen verschiedener Ethnien und K\u00f6rpertypen repr\u00e4sentieren, sind bei dieser Generation besonders gefragt.<\/p>\n\n\n\n<h3 class=\"wp-block-heading\" id=\"4-technologische-integration\">4. Technologische Integration<\/h3>\n\n\n\n<p>Die <strong>Generation Z<\/strong> ist die erste Generation, die mit der digitalen Welt aufgewachsen ist. Technologie ist ein fester Bestandteil ihres Alltags, und sie nutzen digitale Plattformen, um sich modisch auszudr\u00fccken. Die Mode wird zunehmend durch digitale Medien gepr\u00e4gt, sei es durch <strong>Instagram<\/strong>, <strong>TikTok<\/strong> oder <strong>Snapchat<\/strong>, wo die Generation Z ihre eigenen Stile und Outfits zeigt. Influencer und Social Media haben einen entscheidenden Einfluss darauf, was in der Modewelt angesagt ist.<\/p>\n\n\n\n<p>Ein weiteres interessantes Ph\u00e4nomen ist die Integration von <strong>virtueller Mode<\/strong>. Die Generation Z ist offen f\u00fcr digitale Modeprodukte, die ausschlie\u00dflich in Online-Welten getragen werden k\u00f6nnen. Unternehmen wie <strong>The Fabricant<\/strong> und <strong>Balenciaga<\/strong> haben bereits digitale Kollektionen auf den Markt gebracht, die nur als digitale Assets existieren. Diese Verschmelzung von physischer und digitaler Mode ist ein entscheidender Bestandteil der Mode von morgen.<\/p>\n\n\n\n<h3 class=\"wp-block-heading\" id=\"5-vintage-und-nostalgie\">5. Vintage und Nostalgie<\/h3>\n\n\n\n<p>Die Generation Z greift h\u00e4ufig auf Mode zur\u00fcck, die von fr\u00fcheren Dekaden inspiriert ist. <strong>Vintage-Kleidung<\/strong> und <strong>Nostalgie<\/strong> spielen eine gro\u00dfe Rolle in ihrer \u00c4sthetik. Sie kombinieren klassische Elemente aus den 80er, 90er und 2000er Jahren mit modernen Akzenten. Der Trend zu Retro- und Vintage-Stilen ist auch ein Mittel, die \u00dcberproduktion von Fast Fashion zu vermeiden und nachhaltige Mode zu unterst\u00fctzen.<\/p>\n\n\n\n<p>Marken wie <strong>Depop<\/strong> und <strong>Vinted<\/strong> erm\u00f6glichen es der Generation Z, Vintage-Kleidung zu kaufen, zu verkaufen und zu tauschen. Die Wiederverwendung und das Teilen von Kleidung sind heute genauso angesagt wie das Erstellen von personalisierten Outfits.<\/p>\n\n\n\n<h2 class=\"wp-block-heading\" id=\"die-mode-ikonen-der-generation-z\">Die Mode-Ikonen der Generation Z<\/h2>\n\n\n\n<p>Die Mode der Generation Z wird nicht nur von gro\u00dfen Marken, sondern auch von <strong>Influencern<\/strong>, <strong>Social-Media-Stars<\/strong> und <strong>YouTubern<\/strong> gepr\u00e4gt. Pers\u00f6nlichkeiten wie <strong>Billie Eilish<\/strong>, <strong>Lil Nas X<\/strong>, <strong>Zendaya<\/strong> und <strong>Kylie Jenner<\/strong> sind nicht nur in der Musik- und Filmindustrie erfolgreich, sondern auch Mode-Ikonen, die den Stil der Generation Z beeinflussen.<\/p>\n\n\n\n<p>Besonders Billie Eilish hat mit ihrem einzigartigen, oversized Stil, der oft gegen die Konventionen von Frauenmode verst\u00f6\u00dft, die Modewelt erobert. Sie setzt auf Komfort und Individualit\u00e4t und zeigt, dass Mode nicht den gesellschaftlichen Normen entsprechen muss, um Ausdruckskraft zu haben.<\/p>\n\n\n\n<h2 class=\"wp-block-heading\" id=\"fazit-die-zukunft-der-mode-liegt-in-der-individualitat\">Fazit: Die Zukunft der Mode liegt in der Individualit\u00e4t<\/h2>\n\n\n\n<p>Die <strong>Mode der Generation Z<\/strong> ist ein klarer Ausdruck von <strong>Selbstbewusstsein<\/strong> und <strong>Individualit\u00e4t<\/strong>. Sie bricht mit traditionellen Normen und er\u00f6ffnet v\u00f6llig neue M\u00f6glichkeiten der Selbstverwirklichung. Nachhaltigkeit, Vielfalt und technologische Innovation sind nicht nur Begleiterscheinungen dieser Bewegung, sondern fundamentale Bestandteile der Mode dieser Generation.<\/p>\n\n\n\n<p>Mit einer verst\u00e4rkten Nachfrage nach <strong>ethischer Mode<\/strong>, <strong>genderneutralen Designs<\/strong> und <strong>digitalen Trends<\/strong> wird die Modeindustrie zunehmend von den Werten und Bed\u00fcrfnissen der Generation Z gepr\u00e4gt. Diese Generation zeigt uns, dass Mode weit mehr ist als nur Kleidung \u2013 sie ist ein m\u00e4chtiges Mittel zur Kommunikation der eigenen Identit\u00e4t und zur F\u00f6rderung von sozialen und \u00f6kologischen Ver\u00e4nderungen.<\/p>\n\n\n\n<p>F\u00fcr mehr Informationen \u00fcber die neuesten Trends in der Mode und wie sie die Zukunft beeinflussen, besuchen Sie unsere Webseite <a href=\"https:\/\/de.artereciclada.com.br\/it\/\">De Arte<\/a>.<\/p>\n\n\n\n<p><strong><a href=\"https:\/\/www.youtube.com\/shorts\/YvIqzlVsiLo\" target=\"_blank\" rel=\"noopener\">Empfohlenes Video<\/a><\/strong><\/p>\n\n\n\n<p><\/p>","protected":false},"excerpt":{"rendered":"<p>Die Mode der Generation Z ist mehr als nur eine Ausdrucksform der aktuellen Trends \u2013 sie ist ein Symbol f\u00fcr das Streben nach Selbstbewusstsein, Individualit\u00e4t und einer neuen Perspektive auf gesellschaftliche Normen. Diese Generation, geboren zwischen 1997 und 2012, ist nicht nur mit Technologie aufgewachsen, sondern hat auch die F\u00e4higkeit, sich selbst zu definieren und [&hellip;]<\/p>\n","protected":false},"author":4,"featured_media":92,"comment_status":"open","ping_status":"open","sticky":false,"template":"","format":"standard","meta":{"footnotes":""},"categories":[5],"tags":[],"class_list":["post-91","post","type-post","status-publish","format-standard","has-post-thumbnail","hentry","category-mode"],"blocksy_meta":[],"_links":{"self":[{"href":"https:\/\/de.artereciclada.com.br\/it\/wp-json\/wp\/v2\/posts\/91","targetHints":{"allow":["GET"]}}],"collection":[{"href":"https:\/\/de.artereciclada.com.br\/it\/wp-json\/wp\/v2\/posts"}],"about":[{"href":"https:\/\/de.artereciclada.com.br\/it\/wp-json\/wp\/v2\/types\/post"}],"author":[{"embeddable":true,"href":"https:\/\/de.artereciclada.com.br\/it\/wp-json\/wp\/v2\/users\/4"}],"replies":[{"embeddable":true,"href":"https:\/\/de.artereciclada.com.br\/it\/wp-json\/wp\/v2\/comments?post=91"}],"version-history":[{"count":1,"href":"https:\/\/de.artereciclada.com.br\/it\/wp-json\/wp\/v2\/posts\/91\/revisions"}],"predecessor-version":[{"id":93,"href":"https:\/\/de.artereciclada.com.br\/it\/wp-json\/wp\/v2\/posts\/91\/revisions\/93"}],"wp:featuredmedia":[{"embeddable":true,"href":"https:\/\/de.artereciclada.com.br\/it\/wp-json\/wp\/v2\/media\/92"}],"wp:attachment":[{"href":"https:\/\/de.artereciclada.com.br\/it\/wp-json\/wp\/v2\/media?parent=91"}],"wp:term":[{"taxonomy":"category","embeddable":true,"href":"https:\/\/de.artereciclada.com.br\/it\/wp-json\/wp\/v2\/categories?post=91"},{"taxonomy":"post_tag","embeddable":true,"href":"https:\/\/de.artereciclada.com.br\/it\/wp-json\/wp\/v2\/tags?post=91"}],"curies":[{"name":"wp","href":"https:\/\/api.w.org\/{rel}","templated":true}]}}