{"id":144,"date":"2025-03-21T19:27:26","date_gmt":"2025-03-22T00:27:26","guid":{"rendered":"https:\/\/de.artereciclada.com.br\/?p=144"},"modified":"2025-03-21T19:27:28","modified_gmt":"2025-03-22T00:27:28","slug":"farbtraume","status":"publish","type":"post","link":"https:\/\/de.artereciclada.com.br\/fr\/inspiration\/farbtraume\/","title":{"rendered":"Farbtr\u00e4ume: Emotionen und Mode in perfekter Harmonie"},"content":{"rendered":"<p>Farben sind weit mehr als nur visuelle Eindr\u00fccke \u2013 sie wecken Gef\u00fchle, pr\u00e4gen Erinnerungen und definieren unseren Stil. In der heutigen Modewelt spielt die bewusste Auswahl und Kombination von Farben eine zentrale Rolle. <strong>Farbtr\u00e4ume<\/strong> verk\u00f6rpern die Idee, dass Mode und Emotion in einer harmonischen Symbiose verschmelzen k\u00f6nnen. Dieser Ansatz l\u00e4dt dazu ein, die Kraft der Farben als kreatives Ausdrucksmittel zu nutzen und so individuelle Looks zu kreieren, die nicht nur \u00e4sthetisch ansprechend, sondern auch emotional ber\u00fchrend sind.<\/p>\n\n\n\n<figure class=\"wp-block-image size-large\"><img fetchpriority=\"high\" decoding=\"async\" width=\"1024\" height=\"585\" src=\"https:\/\/de.artereciclada.com.br\/wp-content\/uploads\/2025\/03\/DALL\u00b7E-2025-03-21-21.23.53-A-dreamlike-fashion-scene-where-emotions-and-fashion-come-together-in-perfect-harmony-through-colors.-The-focus-is-on-a-woman-wearing-a-vibrant-outfit-1024x585.webp\" alt=\"Farbtr\u00e4ume\" class=\"wp-image-145\" srcset=\"https:\/\/de.artereciclada.com.br\/wp-content\/uploads\/2025\/03\/DALL\u00b7E-2025-03-21-21.23.53-A-dreamlike-fashion-scene-where-emotions-and-fashion-come-together-in-perfect-harmony-through-colors.-The-focus-is-on-a-woman-wearing-a-vibrant-outfit-1024x585.webp 1024w, https:\/\/de.artereciclada.com.br\/wp-content\/uploads\/2025\/03\/DALL\u00b7E-2025-03-21-21.23.53-A-dreamlike-fashion-scene-where-emotions-and-fashion-come-together-in-perfect-harmony-through-colors.-The-focus-is-on-a-woman-wearing-a-vibrant-outfit-300x171.webp 300w, https:\/\/de.artereciclada.com.br\/wp-content\/uploads\/2025\/03\/DALL\u00b7E-2025-03-21-21.23.53-A-dreamlike-fashion-scene-where-emotions-and-fashion-come-together-in-perfect-harmony-through-colors.-The-focus-is-on-a-woman-wearing-a-vibrant-outfit-768x439.webp 768w, https:\/\/de.artereciclada.com.br\/wp-content\/uploads\/2025\/03\/DALL\u00b7E-2025-03-21-21.23.53-A-dreamlike-fashion-scene-where-emotions-and-fashion-come-together-in-perfect-harmony-through-colors.-The-focus-is-on-a-woman-wearing-a-vibrant-outfit-1536x878.webp 1536w, https:\/\/de.artereciclada.com.br\/wp-content\/uploads\/2025\/03\/DALL\u00b7E-2025-03-21-21.23.53-A-dreamlike-fashion-scene-where-emotions-and-fashion-come-together-in-perfect-harmony-through-colors.-The-focus-is-on-a-woman-wearing-a-vibrant-outfit-18x10.webp 18w, https:\/\/de.artereciclada.com.br\/wp-content\/uploads\/2025\/03\/DALL\u00b7E-2025-03-21-21.23.53-A-dreamlike-fashion-scene-where-emotions-and-fashion-come-together-in-perfect-harmony-through-colors.-The-focus-is-on-a-woman-wearing-a-vibrant-outfit.webp 1792w\" sizes=\"(max-width: 1024px) 100vw, 1024px\" \/><\/figure>\n\n\n\n<div class=\"wp-block-rank-math-toc-block\" id=\"rank-math-toc\"><h2>Index<\/h2><nav><ul><li class=\"\"><a href=\"#die-magie-der-farben-emotionen-sichtbar-machen\">Die Magie der Farben: Emotionen sichtbar machen<\/a><ul><li class=\"\"><a href=\"#psychologische-wirkung-von-farben\">Psychologische Wirkung von Farben<\/a><\/li><li class=\"\"><a href=\"#farbtheorie-und-mode\">Farbtheorie und Mode<\/a><\/li><\/ul><\/li><li class=\"\"><a href=\"#historische-einflusse-und-kulturelle-bedeutung-von-farben\">Historische Einfl\u00fcsse und kulturelle Bedeutung von Farben<\/a><ul><li class=\"\"><a href=\"#farben-in-der-kunstgeschichte\">Farben in der Kunstgeschichte<\/a><\/li><li class=\"\"><a href=\"#kulturelle-unterschiede-in-der-farbsymbolik\">Kulturelle Unterschiede in der Farbsymbolik<\/a><\/li><\/ul><\/li><li class=\"\"><a href=\"#farbtraume-in-der-modernen-mode-trends-und-techniken\">Farbtr\u00e4ume in der modernen Mode: Trends und Techniken<\/a><ul><li class=\"\"><a href=\"#innovative-materialien-und-textilien\">Innovative Materialien und Textilien<\/a><\/li><li class=\"\"><a href=\"#digitale-designprozesse-und-farbanalyse\">Digitale Designprozesse und Farbanalyse<\/a><\/li><li class=\"\"><a href=\"#experimentelle-farbpaletten-und-muster\">Experimentelle Farbpaletten und Muster<\/a><\/li><\/ul><\/li><li class=\"\"><a href=\"#emotionen-und-personlicher-ausdruck-durch-farben\">Emotionen und Pers\u00f6nlicher Ausdruck durch Farben<\/a><ul><li class=\"\"><a href=\"#personliche-stilidentitat\">Pers\u00f6nliche Stilidentit\u00e4t<\/a><\/li><li class=\"\"><a href=\"#psychologische-wirkung-von-mode\">Psychologische Wirkung von Mode<\/a><\/li><\/ul><\/li><li class=\"\"><a href=\"#stil-und-nachhaltigkeit-farbtraume-im-kontext-eines-bewussten-lebensstils\">Stil und Nachhaltigkeit: Farbtr\u00e4ume im Kontext eines bewussten Lebensstils<\/a><ul><li class=\"\"><a href=\"#umweltfreundliche-textilien-und-farben\">Umweltfreundliche Textilien und Farben<\/a><\/li><li class=\"\"><a href=\"#fairer-handel-und-kulturelle-wertschatzung\">Fairer Handel und kulturelle Wertsch\u00e4tzung<\/a><\/li><\/ul><\/li><li class=\"\"><a href=\"#zukunftsaussichten-die-evolution-von-farbtraumen-in-der-mode\">Zukunftsaussichten: Die Evolution von Farbtr\u00e4umen in der Mode<\/a><ul><li class=\"\"><a href=\"#technologische-innovationen-und-smarte-mode\">Technologische Innovationen und smarte Mode<\/a><\/li><li class=\"\"><a href=\"#globaler-austausch-und-kulturelle-fusion\">Globaler Austausch und kulturelle Fusion<\/a><\/li><\/ul><\/li><li class=\"\"><a href=\"#fazit\">Fazit<\/a><\/li><\/ul><\/nav><\/div>\n\n\n\n<h2 class=\"wp-block-heading\" id=\"die-magie-der-farben-emotionen-sichtbar-machen\">Die Magie der Farben: Emotionen sichtbar machen<\/h2>\n\n\n\n<p>Farben beeinflussen unsere Stimmung und unser Wohlbefinden auf subtile und tiefgreifende Weise. Wissenschaftliche Studien belegen, dass bestimmte Farbt\u00f6ne Stress reduzieren, Energie spenden oder beruhigen k\u00f6nnen. <strong>Farbtr\u00e4ume<\/strong> entstehen, wenn Designer diese Erkenntnisse nutzen, um Mode zu schaffen, die direkt ins Herz trifft. Ein leuchtendes Rot kann Leidenschaft und Dynamik ausstrahlen, w\u00e4hrend sanfte Pastellt\u00f6ne f\u00fcr Ruhe und Harmonie stehen. Diese emotionale Verbindung zu Farben macht sie zu einem zentralen Element moderner Modekreationen.<\/p>\n\n\n\n<h3 class=\"wp-block-heading\" id=\"psychologische-wirkung-von-farben\">Psychologische Wirkung von Farben<\/h3>\n\n\n\n<p>Jede Farbe hat ihre eigene symbolische Bedeutung und emotionale Wirkung. Blau vermittelt oft ein Gef\u00fchl von Ruhe und Sicherheit, Gr\u00fcn steht f\u00fcr Naturverbundenheit und Erneuerung, w\u00e4hrend Gelb Optimismus und Kreativit\u00e4t ausstrahlt. Designer, die sich von <strong>Farbtr\u00e4umen<\/strong> inspirieren lassen, w\u00e4hlen ihre Paletten gezielt aus, um bestimmte Emotionen zu wecken. Indem sie Farbkombinationen verwenden, die im Einklang miteinander stehen, schaffen sie Looks, die nicht nur modisch sind, sondern auch tiefere Bedeutungen transportieren.<\/p>\n\n\n\n<h3 class=\"wp-block-heading\" id=\"farbtheorie-und-mode\">Farbtheorie und Mode<\/h3>\n\n\n\n<p>Die Grundlagen der Farbtheorie sind seit jeher ein wesentlicher Bestandteil der Kunst und des Designs. Das Zusammenspiel von Prim\u00e4r-, Sekund\u00e4r- und Terti\u00e4rfarben erm\u00f6glicht es, harmonische Farbschemata zu entwickeln, die in der Mode f\u00fcr ein ausgewogenes Gesamtbild sorgen. <strong>Farbtr\u00e4ume<\/strong> basieren auf dieser wissenschaftlichen Basis und kombinieren theoretisches Wissen mit kreativer Intuition, um emotionale und visuell ansprechende Outfits zu gestalten.<\/p>\n\n\n\n<h2 class=\"wp-block-heading\" id=\"historische-einflusse-und-kulturelle-bedeutung-von-farben\">Historische Einfl\u00fcsse und kulturelle Bedeutung von Farben<\/h2>\n\n\n\n<p>Die Faszination f\u00fcr Farben und ihre symbolische Bedeutung hat in nahezu jeder Kultur eine lange Tradition. Von den leuchtenden Farben antiker Tapisserien bis zu den subtilen Nuancen der Renaissance \u2013 Mode und Kunst waren schon immer eng mit der Farbwahl verbunden. <strong>Farbtr\u00e4ume<\/strong> sind ein moderner Ausdruck dieser historischen Verbindung, bei der vergangene Farbtraditionen in zeitgen\u00f6ssische Designs einflie\u00dfen.<\/p>\n\n\n\n<h3 class=\"wp-block-heading\" id=\"farben-in-der-kunstgeschichte\">Farben in der Kunstgeschichte<\/h3>\n\n\n\n<p>In der Kunstgeschichte spielten Farben eine zentrale Rolle, um Emotionen und Ideen zu vermitteln. Maler wie Vincent van Gogh oder Claude Monet nutzten kr\u00e4ftige Farben, um ihre inneren Empfindungen auszudr\u00fccken und Landschaften lebendig werden zu lassen. Diese k\u00fcnstlerischen Techniken finden heute ihren Weg in die Modewelt. Designer interpretieren klassische Farbkompositionen neu, um <strong>Farbtr\u00e4ume<\/strong> zu kreieren, die sowohl nostalgisch als auch innovativ wirken.<\/p>\n\n\n\n<h3 class=\"wp-block-heading\" id=\"kulturelle-unterschiede-in-der-farbsymbolik\">Kulturelle Unterschiede in der Farbsymbolik<\/h3>\n\n\n\n<p>Farben haben in verschiedenen Kulturen unterschiedliche Bedeutungen. W\u00e4hrend Wei\u00df in vielen westlichen L\u00e4ndern Reinheit und Unschuld symbolisiert, wird es in einigen \u00f6stlichen Kulturen mit Trauer assoziiert. <strong>Farbtr\u00e4ume<\/strong> ber\u00fccksichtigen diese kulturellen Nuancen und integrieren internationale Einfl\u00fcsse, um globale Trends zu setzen. Diese multikulturelle Herangehensweise bereichert die Modewelt und f\u00f6rdert ein tieferes Verst\u00e4ndnis f\u00fcr die symbolische Kraft der Farben.<\/p>\n\n\n\n<h2 class=\"wp-block-heading\" id=\"farbtraume-in-der-modernen-mode-trends-und-techniken\">Farbtr\u00e4ume in der modernen Mode: Trends und Techniken<\/h2>\n\n\n\n<p>Die heutige Modewelt ist gepr\u00e4gt von einem experimentellen Umgang mit Farben. <strong>Farbtr\u00e4ume<\/strong> manifestieren sich in innovativen Kollektionen, in denen Designer traditionelle Farbschemata aufbrechen und neu interpretieren. Dabei spielen moderne Technologien und digitale Werkzeuge eine entscheidende Rolle, um Farben in ihrer reinsten Form zum Ausdruck zu bringen.<\/p>\n\n\n\n<h3 class=\"wp-block-heading\" id=\"innovative-materialien-und-textilien\">Innovative Materialien und Textilien<\/h3>\n\n\n\n<p>Mit der Weiterentwicklung von Textiltechnologien sind Designer heute in der Lage, Stoffe zu kreieren, die ihre Farbintensit\u00e4t und -brillanz verst\u00e4rken. Von lichtreflektierenden Materialien bis hin zu textilen Farbschichten, die je nach Lichteinfall ihre Farbe \u00e4ndern \u2013 diese Innovationen erm\u00f6glichen es, <strong>Farbtr\u00e4ume<\/strong> in einem dynamischen Kontext zu pr\u00e4sentieren. Solche Materialien sorgen daf\u00fcr, dass Outfits nicht statisch, sondern lebendig wirken und sich im Wechselspiel mit Licht und Bewegung st\u00e4ndig ver\u00e4ndern.<\/p>\n\n\n\n<h3 class=\"wp-block-heading\" id=\"digitale-designprozesse-und-farbanalyse\">Digitale Designprozesse und Farbanalyse<\/h3>\n\n\n\n<p>Digitale Tools und Softwarel\u00f6sungen haben den kreativen Prozess revolutioniert. Mit pr\u00e4zisen Farbanalyse-Tools k\u00f6nnen Designer die Wirkung ihrer Farbwahl optimieren und sicherstellen, dass jede Farbkombination harmonisch wirkt. Virtuelle Modeentw\u00fcrfe und 3D-Renderings erm\u00f6glichen es, <strong>Farbtr\u00e4ume<\/strong> schon in der Konzeptphase zu visualisieren und anzupassen. Diese technischen Fortschritte unterst\u00fctzen den kreativen Prozess und tragen dazu bei, dass farbenfrohe Designs in perfekter Harmonie entstehen.<\/p>\n\n\n\n<h3 class=\"wp-block-heading\" id=\"experimentelle-farbpaletten-und-muster\">Experimentelle Farbpaletten und Muster<\/h3>\n\n\n\n<p>Ein markantes Merkmal von <strong>Farbtr\u00e4umen<\/strong> in der Mode ist die Experimentierfreude mit ungew\u00f6hnlichen Farbkombinationen und Mustern. Designer wagen es, kontrastreiche Farben zu mischen, die auf den ersten Blick unerwartet erscheinen, aber im Gesamtkonzept eine faszinierende Symbiose eingehen. Solche Outfits wirken wie lebendige Kunstwerke, in denen Farbe nicht nur als dekoratives Element, sondern als zentrales Ausdrucksmittel dient. Die F\u00e4higkeit, Emotionen und Stimmungen durch Farbe zu vermitteln, steht dabei im Fokus.<\/p>\n\n\n\n<h2 class=\"wp-block-heading\" id=\"emotionen-und-personlicher-ausdruck-durch-farben\">Emotionen und Pers\u00f6nlicher Ausdruck durch Farben<\/h2>\n\n\n\n<p>Farben sind ein m\u00e4chtiges Kommunikationsmittel. Sie k\u00f6nnen Freude, Melancholie, Leidenschaft oder Gelassenheit ausdr\u00fccken \u2013 und genau das macht <strong>Farbtr\u00e4ume<\/strong> so faszinierend. Mode, die auf einer durchdachten Farbwahl basiert, wird zu einem Spiegelbild der Pers\u00f6nlichkeit des Tr\u00e4gers.<\/p>\n\n\n\n<h3 class=\"wp-block-heading\" id=\"personliche-stilidentitat\">Pers\u00f6nliche Stilidentit\u00e4t<\/h3>\n\n\n\n<p>Die Wahl der Farben in einem Outfit kann viel \u00fcber den Charakter und die Stimmung einer Person aussagen. Wer sich von <strong>Farbtr\u00e4umen<\/strong> inspirieren l\u00e4sst, entscheidet sich bewusst daf\u00fcr, seine Emotionen sichtbar zu machen und einen einzigartigen Stil zu kreieren. Ob durch kr\u00e4ftige, leuchtende T\u00f6ne oder durch sanfte, beruhigende Nuancen \u2013 die Farben eines Outfits erz\u00e4hlen eine Geschichte, die individuell und unverwechselbar ist.<\/p>\n\n\n\n<h3 class=\"wp-block-heading\" id=\"psychologische-wirkung-von-mode\">Psychologische Wirkung von Mode<\/h3>\n\n\n\n<p>Studien belegen, dass die Farbe eines Outfits nicht nur die Wahrnehmung anderer beeinflusst, sondern auch das eigene Selbstbewusstsein st\u00e4rkt. <strong>Farbtr\u00e4ume<\/strong> k\u00f6nnen dazu beitragen, dass man sich in seiner Kleidung wohler f\u00fchlt und so auch selbstbewusster auftritt. Ein Outfit, das perfekt auf die eigenen Emotionen abgestimmt ist, wirkt authentisch und kraftvoll. Diese positive Wirkung auf das Selbstbild macht die bewusste Farbwahl zu einem essenziellen Bestandteil moderner Mode.<\/p>\n\n\n\n<h2 class=\"wp-block-heading\" id=\"stil-und-nachhaltigkeit-farbtraume-im-kontext-eines-bewussten-lebensstils\">Stil und Nachhaltigkeit: Farbtr\u00e4ume im Kontext eines bewussten Lebensstils<\/h2>\n\n\n\n<p>Neben der \u00e4sthetischen und emotionalen Bedeutung spielen auch Nachhaltigkeit und ethischer Konsum eine immer gr\u00f6\u00dfere Rolle in der Mode. <strong>Farbtr\u00e4ume<\/strong> sind nicht nur ein Ausdruck von Kreativit\u00e4t, sondern auch von Verantwortungsbewusstsein. Immer mehr Designer setzen auf umweltfreundliche Materialien und faire Produktionsbedingungen, um Mode zu schaffen, die nicht nur sch\u00f6n, sondern auch nachhaltig ist.<\/p>\n\n\n\n<h3 class=\"wp-block-heading\" id=\"umweltfreundliche-textilien-und-farben\">Umweltfreundliche Textilien und Farben<\/h3>\n\n\n\n<p>Nachhaltige Modekonzepte beinhalten den Einsatz von \u00f6kologisch erzeugten Farbstoffen und recycelbaren Materialien. Durch den Verzicht auf sch\u00e4dliche Chemikalien und den Einsatz nat\u00fcrlicher Farbstoffe entsteht Kleidung, die sowohl farbintensiv als auch umweltfreundlich ist. Diese nachhaltigen <strong>Farbtr\u00e4ume<\/strong> verbinden \u00e4sthetische Anspr\u00fcche mit \u00f6kologischer Verantwortung und tragen dazu bei, den \u00f6kologischen Fu\u00dfabdruck der Modeindustrie zu reduzieren.<\/p>\n\n\n\n<h3 class=\"wp-block-heading\" id=\"fairer-handel-und-kulturelle-wertschatzung\">Fairer Handel und kulturelle Wertsch\u00e4tzung<\/h3>\n\n\n\n<p>Ein weiterer wichtiger Aspekt ist die faire Produktion. Designer, die sich auf <strong>Farbtr\u00e4ume<\/strong> konzentrieren, arbeiten oft eng mit Handwerkern und K\u00fcnstlern aus verschiedenen Teilen der Welt zusammen. Diese Zusammenarbeit f\u00f6rdert nicht nur die Qualit\u00e4t und Authentizit\u00e4t der Produkte, sondern unterst\u00fctzt auch lokale Gemeinschaften und bewahrt kulturelles Erbe. Mode wird so zu einem Mittel, um kulturelle Vielfalt zu feiern und gleichzeitig einen positiven Beitrag zur globalen Nachhaltigkeit zu leisten.<\/p>\n\n\n\n<h2 class=\"wp-block-heading\" id=\"zukunftsaussichten-die-evolution-von-farbtraumen-in-der-mode\">Zukunftsaussichten: Die Evolution von Farbtr\u00e4umen in der Mode<\/h2>\n\n\n\n<p>Die Zukunft der Mode wird ma\u00dfgeblich von der F\u00e4higkeit bestimmt, Farbe als zentrales Element zu nutzen. <strong>Farbtr\u00e4ume<\/strong> sind auf dem besten Weg, weiterhin Trends zu setzen und die Modewelt zu revolutionieren. Mit fortschreitender Technologie und einem zunehmenden Bewusstsein f\u00fcr Nachhaltigkeit werden Designer noch kreativer und innovativer werden.<\/p>\n\n\n\n<h3 class=\"wp-block-heading\" id=\"technologische-innovationen-und-smarte-mode\">Technologische Innovationen und smarte Mode<\/h3>\n\n\n\n<p>Digitale Technologien werden auch in Zukunft eine entscheidende Rolle bei der Weiterentwicklung von <strong>Farbtr\u00e4umen<\/strong> spielen. Intelligente Textilien, die ihre Farbe je nach Umgebung oder Stimmung \u00e4ndern k\u00f6nnen, sind bereits in der Entwicklung. Solche Innovationen er\u00f6ffnen v\u00f6llig neue M\u00f6glichkeiten, Mode als interaktives Erlebnis zu gestalten. Mit Augmented Reality und 3D-Design-Tools werden die Grenzen zwischen digitaler und physischer Mode zunehmend verschwimmen, sodass <strong>Farbtr\u00e4ume<\/strong> in einem noch dynamischeren und personalisierteren Kontext erlebt werden k\u00f6nnen.<\/p>\n\n\n\n<h3 class=\"wp-block-heading\" id=\"globaler-austausch-und-kulturelle-fusion\">Globaler Austausch und kulturelle Fusion<\/h3>\n\n\n\n<p>Der interkulturelle Austausch wird auch in Zukunft eine wichtige Rolle spielen. <strong>Farbtr\u00e4ume<\/strong> sind ein globales Ph\u00e4nomen, das verschiedene kulturelle Einfl\u00fcsse zusammenbringt. Der Dialog zwischen traditionellen Farbsymbolen und modernen Designans\u00e4tzen wird weiter wachsen und zu hybriden Stilen f\u00fchren, die die Vielfalt der globalen Mode widerspiegeln. Diese kulturelle Fusion f\u00f6rdert nicht nur innovative Looks, sondern st\u00e4rkt auch das Bewusstsein f\u00fcr die Bedeutung von Tradition und Identit\u00e4t in der modernen Welt.<\/p>\n\n\n\n<h2 class=\"wp-block-heading\" id=\"fazit\">Fazit<\/h2>\n\n\n\n<p><strong>Farbtr\u00e4ume<\/strong> verk\u00f6rpern die perfekte Harmonie zwischen Emotion und Mode. Sie zeigen, wie die bewusste Auswahl und Kombination von Farben nicht nur \u00e4sthetische, sondern auch tief emotionale Wirkungen erzielen kann. Von der psychologischen Wirkung \u00fcber die historische Bedeutung bis hin zu modernen, nachhaltigen Ans\u00e4tzen \u2013 die Kraft der Farben ist allgegenw\u00e4rtig und pr\u00e4gt unseren Stil auf vielf\u00e4ltige Weise.<\/p>\n\n\n\n<p>Indem wir uns von <strong>Farbtr\u00e4umen<\/strong> inspirieren lassen, k\u00f6nnen wir unsere Outfits zu pers\u00f6nlichen Kunstwerken machen, die sowohl unsere Individualit\u00e4t als auch unser Umweltbewusstsein widerspiegeln. Die Verbindung von klassischer Farbtheorie und modernen Technologien er\u00f6ffnet dabei neue Horizonte, in denen Mode zu einem interaktiven, dynamischen Erlebnis wird.<\/p>\n\n\n\n<p>Wir laden dich ein, die Welt der <strong>Farbtr\u00e4ume<\/strong> zu entdecken und deine eigene kreative Ausdrucksweise zu finden. F\u00fcr weiterf\u00fchrende Informationen, inspirierende Artikel und wertvolle Tipps zu Mode, Kunst und nachhaltigen Lebensstilen besuche unsere Webseite unter <a href=\"https:\/\/de.artereciclada.com.br\/fr\/\">De Arte<\/a>. Dort findest du auch spannende Beitr\u00e4ge zu Sport, Lifestyle und vielen weiteren Themen, die dein Leben bereichern.<\/p>\n\n\n\n<p><strong><a href=\"https:\/\/www.youtube.com\/shorts\/G1s_mCsdL9A\" target=\"_blank\" rel=\"noopener\">Empfohlenes Video<\/a><\/strong><\/p>","protected":false},"excerpt":{"rendered":"<p>Farben sind weit mehr als nur visuelle Eindr\u00fccke \u2013 sie wecken Gef\u00fchle, pr\u00e4gen Erinnerungen und definieren unseren Stil. In der heutigen Modewelt spielt die bewusste Auswahl und Kombination von Farben eine zentrale Rolle. Farbtr\u00e4ume verk\u00f6rpern die Idee, dass Mode und Emotion in einer harmonischen Symbiose verschmelzen k\u00f6nnen. Dieser Ansatz l\u00e4dt dazu ein, die Kraft der [&hellip;]<\/p>\n","protected":false},"author":4,"featured_media":145,"comment_status":"open","ping_status":"open","sticky":false,"template":"","format":"standard","meta":{"footnotes":""},"categories":[7],"tags":[],"class_list":["post-144","post","type-post","status-publish","format-standard","has-post-thumbnail","hentry","category-inspiration"],"blocksy_meta":[],"_links":{"self":[{"href":"https:\/\/de.artereciclada.com.br\/fr\/wp-json\/wp\/v2\/posts\/144","targetHints":{"allow":["GET"]}}],"collection":[{"href":"https:\/\/de.artereciclada.com.br\/fr\/wp-json\/wp\/v2\/posts"}],"about":[{"href":"https:\/\/de.artereciclada.com.br\/fr\/wp-json\/wp\/v2\/types\/post"}],"author":[{"embeddable":true,"href":"https:\/\/de.artereciclada.com.br\/fr\/wp-json\/wp\/v2\/users\/4"}],"replies":[{"embeddable":true,"href":"https:\/\/de.artereciclada.com.br\/fr\/wp-json\/wp\/v2\/comments?post=144"}],"version-history":[{"count":1,"href":"https:\/\/de.artereciclada.com.br\/fr\/wp-json\/wp\/v2\/posts\/144\/revisions"}],"predecessor-version":[{"id":146,"href":"https:\/\/de.artereciclada.com.br\/fr\/wp-json\/wp\/v2\/posts\/144\/revisions\/146"}],"wp:featuredmedia":[{"embeddable":true,"href":"https:\/\/de.artereciclada.com.br\/fr\/wp-json\/wp\/v2\/media\/145"}],"wp:attachment":[{"href":"https:\/\/de.artereciclada.com.br\/fr\/wp-json\/wp\/v2\/media?parent=144"}],"wp:term":[{"taxonomy":"category","embeddable":true,"href":"https:\/\/de.artereciclada.com.br\/fr\/wp-json\/wp\/v2\/categories?post=144"},{"taxonomy":"post_tag","embeddable":true,"href":"https:\/\/de.artereciclada.com.br\/fr\/wp-json\/wp\/v2\/tags?post=144"}],"curies":[{"name":"wp","href":"https:\/\/api.w.org\/{rel}","templated":true}]}}