{"id":150,"date":"2025-03-21T19:35:28","date_gmt":"2025-03-22T00:35:28","guid":{"rendered":"https:\/\/de.artereciclada.com.br\/?p=150"},"modified":"2025-03-21T19:35:29","modified_gmt":"2025-03-22T00:35:29","slug":"kleidung-als-poesie","status":"publish","type":"post","link":"https:\/\/de.artereciclada.com.br\/en_gb\/inspiration\/kleidung-als-poesie\/","title":{"rendered":"Kleidung als Poesie: Wenn Mode Geschichten erz\u00e4hlt"},"content":{"rendered":"<p>Mode ist weit mehr als blo\u00dfe Bekleidung \u2013 sie ist Ausdruck von Emotion, Identit\u00e4t und kulturellem Erbe. In einer Welt, in der Trends kommen und gehen, bleibt der Gedanke an <strong>Kleidung als Poesie<\/strong> zeitlos. Dieser Ansatz versteht Mode als eine Sprache, die Geschichten erz\u00e4hlt, Gef\u00fchle weckt und Erinnerungen konserviert. In diesem Artikel beleuchten wir, wie Kleidung als Poesie wirkt, welche Elemente dabei eine Rolle spielen und wie Designer und Tr\u00e4ger ihre pers\u00f6nliche Geschichte durch stilvolle Outfits zum Ausdruck bringen k\u00f6nnen.<\/p>\n\n\n\n<figure class=\"wp-block-image size-large\"><img fetchpriority=\"high\" decoding=\"async\" width=\"1024\" height=\"585\" src=\"https:\/\/de.artereciclada.com.br\/wp-content\/uploads\/2025\/03\/DALL\u00b7E-2025-03-21-21.32.10-A-poetic-fashion-scene-where-clothing-tells-a-story.-The-focus-is-on-a-woman-wearing-an-outfit-that-expresses-a-narrative-with-intricate-designs-and-1-1024x585.webp\" alt=\"Kleidung als Poesie\" class=\"wp-image-151\" srcset=\"https:\/\/de.artereciclada.com.br\/wp-content\/uploads\/2025\/03\/DALL\u00b7E-2025-03-21-21.32.10-A-poetic-fashion-scene-where-clothing-tells-a-story.-The-focus-is-on-a-woman-wearing-an-outfit-that-expresses-a-narrative-with-intricate-designs-and-1-1024x585.webp 1024w, https:\/\/de.artereciclada.com.br\/wp-content\/uploads\/2025\/03\/DALL\u00b7E-2025-03-21-21.32.10-A-poetic-fashion-scene-where-clothing-tells-a-story.-The-focus-is-on-a-woman-wearing-an-outfit-that-expresses-a-narrative-with-intricate-designs-and-1-300x171.webp 300w, https:\/\/de.artereciclada.com.br\/wp-content\/uploads\/2025\/03\/DALL\u00b7E-2025-03-21-21.32.10-A-poetic-fashion-scene-where-clothing-tells-a-story.-The-focus-is-on-a-woman-wearing-an-outfit-that-expresses-a-narrative-with-intricate-designs-and-1-768x439.webp 768w, https:\/\/de.artereciclada.com.br\/wp-content\/uploads\/2025\/03\/DALL\u00b7E-2025-03-21-21.32.10-A-poetic-fashion-scene-where-clothing-tells-a-story.-The-focus-is-on-a-woman-wearing-an-outfit-that-expresses-a-narrative-with-intricate-designs-and-1-1536x878.webp 1536w, https:\/\/de.artereciclada.com.br\/wp-content\/uploads\/2025\/03\/DALL\u00b7E-2025-03-21-21.32.10-A-poetic-fashion-scene-where-clothing-tells-a-story.-The-focus-is-on-a-woman-wearing-an-outfit-that-expresses-a-narrative-with-intricate-designs-and-1-18x10.webp 18w, https:\/\/de.artereciclada.com.br\/wp-content\/uploads\/2025\/03\/DALL\u00b7E-2025-03-21-21.32.10-A-poetic-fashion-scene-where-clothing-tells-a-story.-The-focus-is-on-a-woman-wearing-an-outfit-that-expresses-a-narrative-with-intricate-designs-and-1.webp 1792w\" sizes=\"(max-width: 1024px) 100vw, 1024px\" \/><\/figure>\n\n\n\n<div class=\"wp-block-rank-math-toc-block\" id=\"rank-math-toc\"><h2>Index<\/h2><nav><ul><li class=\"\"><a href=\"#die-kunst-geschichten-mit-stoffen-zu-erzahlen\">Die Kunst, Geschichten mit Stoffen zu erz\u00e4hlen<\/a><ul><li class=\"\"><a href=\"#symbolik-und-metaphern-in-der-mode\">Symbolik und Metaphern in der Mode<\/a><\/li><li class=\"\"><a href=\"#die-sprache-der-farben-und-muster\">Die Sprache der Farben und Muster<\/a><\/li><\/ul><\/li><li class=\"\"><a href=\"#historische-perspektiven-kleidung-als-kulturelles-erbe\">Historische Perspektiven: Kleidung als kulturelles Erbe<\/a><ul><li class=\"\"><a href=\"#alte-zivilisationen-und-ihre-kleiderpoesie\">Alte Zivilisationen und ihre Kleiderpoesie<\/a><\/li><li class=\"\"><a href=\"#renaissance-und-die-wiederentdeckung-der-asthetik\">Renaissance und die Wiederentdeckung der \u00c4sthetik<\/a><\/li><\/ul><\/li><li class=\"\"><a href=\"#moderne-interpretationen-wenn-innovation-auf-poesie-trifft\">Moderne Interpretationen: Wenn Innovation auf Poesie trifft<\/a><ul><li class=\"\"><a href=\"#digitale-transformation-in-der-mode\">Digitale Transformation in der Mode<\/a><\/li><li class=\"\"><a href=\"#nachhaltigkeit-und-ethische-mode\">Nachhaltigkeit und ethische Mode<\/a><\/li><li class=\"\"><a href=\"#interdisziplinare-kooperationen\">Interdisziplin\u00e4re Kooperationen<\/a><\/li><\/ul><\/li><li class=\"\"><a href=\"#personlicher-ausdruck-wie-du-deine-eigene-geschichte-tragst\">Pers\u00f6nlicher Ausdruck: Wie du deine eigene Geschichte tr\u00e4gst<\/a><ul><li class=\"\"><a href=\"#finde-deinen-eigenen-stil\">Finde deinen eigenen Stil<\/a><\/li><li class=\"\"><a href=\"#outfits-als-lebendige-geschichten\">Outfits als lebendige Geschichten<\/a><\/li><li class=\"\"><a href=\"#accessoires-als-literarische-akzente\">Accessoires als literarische Akzente<\/a><\/li><\/ul><\/li><li class=\"\"><a href=\"#kultur-und-identitat-die-soziale-dimension-von-kleidung-als-poesie\">Kultur und Identit\u00e4t: Die soziale Dimension von Kleidung als Poesie<\/a><ul><li class=\"\"><a href=\"#interkultureller-dialog-durch-mode\">Interkultureller Dialog durch Mode<\/a><\/li><li class=\"\"><a href=\"#mode-als-politisches-statement\">Mode als politisches Statement<\/a><\/li><\/ul><\/li><li class=\"\"><a href=\"#zukunftsausblick-die-weiterentwicklung-von-kleidung-als-poesie\">Zukunftsausblick: Die Weiterentwicklung von Kleidung als Poesie<\/a><ul><li class=\"\"><a href=\"#digitale-transformation-und-interaktive-mode\">Digitale Transformation und interaktive Mode<\/a><\/li><li class=\"\"><a href=\"#nachhaltigkeit-als-zentraler-wert\">Nachhaltigkeit als zentraler Wert<\/a><\/li><li class=\"\"><a href=\"#interdisziplinare-zusammenarbeit-und-kreative-netzwerke\">Interdisziplin\u00e4re Zusammenarbeit und kreative Netzwerke<\/a><\/li><\/ul><\/li><li class=\"\"><a href=\"#fazit\">Fazit<\/a><\/li><\/ul><\/nav><\/div>\n\n\n\n<h2 class=\"wp-block-heading\" id=\"die-kunst-geschichten-mit-stoffen-zu-erzahlen\">Die Kunst, Geschichten mit Stoffen zu erz\u00e4hlen<\/h2>\n\n\n\n<p><strong>Kleidung als Poesie<\/strong> bedeutet, dass jedes Kleidungsst\u00fcck mehr als nur ein funktionaler Gegenstand ist \u2013 es wird zu einem Kunstwerk, das eine Geschichte erz\u00e4hlt. Schon seit jeher nutzen Menschen Textilien, um ihre Zugeh\u00f6rigkeit, ihre Tr\u00e4ume und ihre Visionen sichtbar zu machen. Ob es sich um handgewebte Stoffe aus fernen L\u00e4ndern, kunstvolle Stickereien oder modern interpretierte Schnitte handelt: Kleidung kann Emotionen transportieren und als visueller Ausdruck der Pers\u00f6nlichkeit dienen.<\/p>\n\n\n\n<h3 class=\"wp-block-heading\" id=\"symbolik-und-metaphern-in-der-mode\">Symbolik und Metaphern in der Mode<\/h3>\n\n\n\n<p>Jedes Kleidungsst\u00fcck tr\u00e4gt seine eigene Symbolik. Ein bestickter Umhang, der an alte Legenden erinnert, oder ein scharf geschnittener Blazer, der Selbstbewusstsein und Modernit\u00e4t ausstrahlt \u2013 solche Elemente wirken wie Metaphern, die die innere Welt des Tr\u00e4gers widerspiegeln. <strong>Kleidung als Poesie<\/strong> er\u00f6ffnet einen Raum, in dem Mode zum Medium wird, mit dem sich individuelle Geschichten, Tr\u00e4ume und Sehns\u00fcchte ausdr\u00fccken lassen.<\/p>\n\n\n\n<h3 class=\"wp-block-heading\" id=\"die-sprache-der-farben-und-muster\">Die Sprache der Farben und Muster<\/h3>\n\n\n\n<p>Farben und Muster sind zentrale Elemente, um <strong>Kleidung als Poesie<\/strong> erlebbar zu machen. Jede Farbe hat ihre eigene emotionale Bedeutung: Ein sattes Rot kann Leidenschaft und Kraft symbolisieren, w\u00e4hrend sanfte Pastellt\u00f6ne Ruhe und Z\u00e4rtlichkeit ausstrahlen. Muster wiederum erz\u00e4hlen Geschichten \u2013 von traditionellen Stammesmustern, die auf kulturelle Wurzeln verweisen, bis zu abstrakten Designs, die den modernen Geist einfangen. Durch die gezielte Kombination dieser Elemente k\u00f6nnen Designer und Tr\u00e4ger ihre pers\u00f6nliche Geschichte visuell erz\u00e4hlen.<\/p>\n\n\n\n<h2 class=\"wp-block-heading\" id=\"historische-perspektiven-kleidung-als-kulturelles-erbe\">Historische Perspektiven: Kleidung als kulturelles Erbe<\/h2>\n\n\n\n<p>Die Idee, dass Kleidung Geschichten erz\u00e4hlt, ist tief in der Geschichte verwurzelt. \u00dcber Jahrhunderte hinweg haben Kulturen weltweit Textilien als Ausdruck ihrer Identit\u00e4t genutzt. Alte Trachten, kostbare Gew\u00e4nder und kunstvoll gefertigte Accessoires zeugen von einer Zeit, in der Mode untrennbar mit Ritualen, Br\u00e4uchen und sozialem Status verbunden war.<\/p>\n\n\n\n<h3 class=\"wp-block-heading\" id=\"alte-zivilisationen-und-ihre-kleiderpoesie\">Alte Zivilisationen und ihre Kleiderpoesie<\/h3>\n\n\n\n<p>In antiken Zivilisationen wie \u00c4gypten, Griechenland oder Rom spielten Kleidung und Schmuck eine zentrale Rolle im gesellschaftlichen Leben. Die kunstvollen Gew\u00e4nder der Pharaonen oder die eleganten Toga der R\u00f6mer waren nicht nur Ausdruck von Macht und Wohlstand, sondern auch Symbole f\u00fcr religi\u00f6se und mythologische Geschichten. Diese historischen Beispiele zeigen, wie <strong>Kleidung als Poesie<\/strong> bereits vor Jahrhunderten als Medium diente, um kulturelle Werte und Erz\u00e4hlungen zu transportieren.<\/p>\n\n\n\n<h3 class=\"wp-block-heading\" id=\"renaissance-und-die-wiederentdeckung-der-asthetik\">Renaissance und die Wiederentdeckung der \u00c4sthetik<\/h3>\n\n\n\n<p>W\u00e4hrend der Renaissance erlebte die Mode einen regelrechten Aufschwung, bei dem Kunst und Kultur in den Vordergrund r\u00fcckten. Die Kleider der Aristokratie waren oft kunstvoll verziert und spiegelten die Ideale von Sch\u00f6nheit, Harmonie und Proportion wider. Maler wie Botticelli und Leonardo da Vinci pr\u00e4gten nicht nur die bildende Kunst, sondern auch das Modebewusstsein ihrer Zeit. Dieser Einfluss zeigt sich noch heute in modernen Interpretationen, die <strong>Kleidung als Poesie<\/strong> in den Mittelpunkt stellen.<\/p>\n\n\n\n<h2 class=\"wp-block-heading\" id=\"moderne-interpretationen-wenn-innovation-auf-poesie-trifft\">Moderne Interpretationen: Wenn Innovation auf Poesie trifft<\/h2>\n\n\n\n<p>Heutzutage ist <strong>Kleidung als Poesie<\/strong> ein lebendiges Konzept, das durch innovative Designans\u00e4tze und interdisziplin\u00e4re Kooperationen neu definiert wird. Moderne Designer nutzen fortschrittliche Technologien, um traditionelle Techniken mit zeitgen\u00f6ssischem Stil zu verbinden. Das Ergebnis sind Kreationen, die nicht nur \u00e4sthetisch ansprechend, sondern auch inhaltlich tiefgr\u00fcndig sind.<\/p>\n\n\n\n<h3 class=\"wp-block-heading\" id=\"digitale-transformation-in-der-mode\">Digitale Transformation in der Mode<\/h3>\n\n\n\n<p>Die Digitalisierung hat auch vor der Mode nicht Halt gemacht. 3D-Design und digitale Renderings erm\u00f6glichen es Designern, ihre Visionen pr\u00e4zise zu visualisieren und zu verfeinern. Virtuelle Modenschauen und interaktive Lookbooks bieten neue Wege, <strong>Kleidung als Poesie<\/strong> einem globalen Publikum zug\u00e4nglich zu machen. Durch diese digitalen Medien k\u00f6nnen Geschichten, die in Stoffen und Schnitten verborgen sind, lebendig werden und in einem interaktiven Kontext erlebt werden.<\/p>\n\n\n\n<h3 class=\"wp-block-heading\" id=\"nachhaltigkeit-und-ethische-mode\">Nachhaltigkeit und ethische Mode<\/h3>\n\n\n\n<p>Ein weiterer Aspekt der modernen <strong>Kleidung als Poesie<\/strong> ist der Fokus auf Nachhaltigkeit. Immer mehr Designer setzen auf umweltfreundliche Materialien, recycelte Stoffe und faire Produktionsprozesse. Diese nachhaltigen Ans\u00e4tze machen nicht nur \u00f6kologisch Sinn, sondern erz\u00e4hlen auch eine Geschichte von Verantwortung und Respekt gegen\u00fcber unserer Umwelt. Kleidung wird so zu einem Statement, das nicht nur die \u00c4sthetik, sondern auch ethische Werte transportiert.<\/p>\n\n\n\n<h3 class=\"wp-block-heading\" id=\"interdisziplinare-kooperationen\">Interdisziplin\u00e4re Kooperationen<\/h3>\n\n\n\n<p>Moderne Mode lebt von der Zusammenarbeit zwischen verschiedenen kreativen Disziplinen. Designer, K\u00fcnstler, Fotografen und Musiker arbeiten zusammen, um Kollektionen zu schaffen, die <strong>Kleidung als Poesie<\/strong> neu interpretieren. Solche interdisziplin\u00e4ren Projekte er\u00f6ffnen neue Perspektiven und f\u00fchren zu \u00fcberraschenden, innovativen Ergebnissen, die den Betrachter in eine Welt entf\u00fchren, in der Mode und Kunst eins werden.<\/p>\n\n\n\n<h2 class=\"wp-block-heading\" id=\"personlicher-ausdruck-wie-du-deine-eigene-geschichte-tragst\">Pers\u00f6nlicher Ausdruck: Wie du deine eigene Geschichte tr\u00e4gst<\/h2>\n\n\n\n<p><strong>Kleidung als Poesie<\/strong> bietet jedem die M\u00f6glichkeit, seine pers\u00f6nliche Geschichte zu erz\u00e4hlen. Dein Outfit wird zu einem Spiegel deiner inneren Welt, deiner Tr\u00e4ume und deiner Identit\u00e4t. Es geht darum, den Mut zu haben, anders zu sein und sich von der Masse abzuheben. Ein individuell zusammengestellter Look kann als pers\u00f6nliches Manifest verstanden werden, das deine Werte und Erfahrungen widerspiegelt.<\/p>\n\n\n\n<h3 class=\"wp-block-heading\" id=\"finde-deinen-eigenen-stil\">Finde deinen eigenen Stil<\/h3>\n\n\n\n<p>Der Schl\u00fcssel liegt darin, authentisch zu sein. Experimentiere mit verschiedenen Farben, Schnitten und Mustern, bis du einen Look findest, der zu dir passt. Lasse dich von deinen Vorlieben, Erinnerungen und Tr\u00e4umen inspirieren und w\u00e4hle Kleidungsst\u00fccke, die nicht nur deinen K\u00f6rper, sondern auch deine Seele umh\u00fcllen. <strong>Kleidung als Poesie<\/strong> ist der Ausdruck deiner pers\u00f6nlichen \u00c4sthetik und erm\u00f6glicht es dir, dich auf einzigartige Weise zu pr\u00e4sentieren.<\/p>\n\n\n\n<h3 class=\"wp-block-heading\" id=\"outfits-als-lebendige-geschichten\">Outfits als lebendige Geschichten<\/h3>\n\n\n\n<p>Jedes Outfit kann eine Geschichte erz\u00e4hlen. Vielleicht erinnerst du dich an einen besonderen Moment in deinem Leben, den du mit einem bestimmten Kleidungsst\u00fcck verbindest \u2013 sei es ein Vintage-Kleid, das dir von deiner Gro\u00dfmutter \u00fcberliefert wurde, oder ein modernes Design, das dich an eine unvergessliche Reise erinnert. Indem du solche besonderen St\u00fccke in deinen Alltag integrierst, verwandelst du deinen Kleiderschrank in eine Sammlung von Erinnerungen und Emotionen. <strong>Kleidung als Poesie<\/strong> wird so zu einem lebendigen Tagebuch, das deine pers\u00f6nliche Geschichte fortw\u00e4hrend mitschreibt.<\/p>\n\n\n\n<h3 class=\"wp-block-heading\" id=\"accessoires-als-literarische-akzente\">Accessoires als literarische Akzente<\/h3>\n\n\n\n<p>Accessoires spielen eine entscheidende Rolle, um deine Outfits zu vervollst\u00e4ndigen und den poetischen Aspekt deiner Kleidung zu betonen. Ein Statement-Schmuckst\u00fcck, ein kunstvoll gestalteter Hut oder eine einzigartige Tasche k\u00f6nnen als literarische Akzente fungieren, die deinem Look den letzten Schliff verleihen. Diese Details machen dein Outfit zu einem Gesamtkunstwerk und unterstreichen, dass <strong>Kleidung als Poesie<\/strong> ein Ausdruck deiner Individualit\u00e4t ist.<\/p>\n\n\n\n<h2 class=\"wp-block-heading\" id=\"kultur-und-identitat-die-soziale-dimension-von-kleidung-als-poesie\">Kultur und Identit\u00e4t: Die soziale Dimension von Kleidung als Poesie<\/h2>\n\n\n\n<p>Mode ist ein Spiegel der Gesellschaft. <strong>Kleidung als Poesie<\/strong> tr\u00e4gt nicht nur zur individuellen Ausdruckskraft bei, sondern spiegelt auch kulturelle Identit\u00e4ten und soziale Werte wider. Traditionelle Trachten, kulturelle Muster und historische Schnitte erz\u00e4hlen von der Geschichte und den Traditionen eines Volkes. Sie schaffen eine Verbindung zwischen Vergangenheit und Gegenwart und bewahren das kulturelle Erbe.<\/p>\n\n\n\n<h3 class=\"wp-block-heading\" id=\"interkultureller-dialog-durch-mode\">Interkultureller Dialog durch Mode<\/h3>\n\n\n\n<p>In einer globalisierten Welt erm\u00f6glicht <strong>Kleidung als Poesie<\/strong> den Austausch zwischen verschiedenen Kulturen. Designer integrieren Elemente aus unterschiedlichen Traditionen und schaffen so hybride Stile, die den interkulturellen Dialog f\u00f6rdern. Diese Verschmelzung von Stilen tr\u00e4gt dazu bei, Vorurteile abzubauen und die Vielfalt zu feiern. Mode wird so zu einem Medium, das Br\u00fccken zwischen den Kulturen schl\u00e4gt und gemeinsame Werte sichtbar macht.<\/p>\n\n\n\n<h3 class=\"wp-block-heading\" id=\"mode-als-politisches-statement\">Mode als politisches Statement<\/h3>\n\n\n\n<p>Kleidung kann auch ein starkes politisches Statement abgeben. In Zeiten sozialer und politischer Umbr\u00fcche nutzen Aktivisten und Designer <strong>Kleidung als Poesie<\/strong>, um ihre Botschaften zu transportieren und f\u00fcr Ver\u00e4nderungen zu werben. Von Protestkleidung bis hin zu Outfits, die sich gegen etablierte Normen richten \u2013 Mode wird zum Sprachrohr f\u00fcr gesellschaftlichen Wandel und individuelle Freiheit.<\/p>\n\n\n\n<h2 class=\"wp-block-heading\" id=\"zukunftsausblick-die-weiterentwicklung-von-kleidung-als-poesie\">Zukunftsausblick: Die Weiterentwicklung von Kleidung als Poesie<\/h2>\n\n\n\n<p>Die Zukunft von <strong>Kleidung als Poesie<\/strong> ist vielversprechend und von st\u00e4ndiger Innovation gepr\u00e4gt. Mit fortschreitender Technologie und einem wachsenden Bewusstsein f\u00fcr Nachhaltigkeit werden die Grenzen zwischen Mode, Kunst und Technologie zunehmend verschwimmen. Neue Materialien, digitale Designprozesse und interdisziplin\u00e4re Projekte werden die Art und Weise, wie wir Kleidung erleben, revolutionieren.<\/p>\n\n\n\n<h3 class=\"wp-block-heading\" id=\"digitale-transformation-und-interaktive-mode\">Digitale Transformation und interaktive Mode<\/h3>\n\n\n\n<p>Zuk\u00fcnftige Entwicklungen in der Mode werden es erm\u00f6glichen, Kleidung noch interaktiver zu gestalten. Digitale Technologien wie Augmented Reality und 3D-Design er\u00f6ffnen v\u00f6llig neue M\u00f6glichkeiten, <strong>Kleidung als Poesie<\/strong> zu inszenieren. Virtuelle Modenschauen und digitale Outfits, die individuell anpassbar sind, k\u00f6nnten in naher Zukunft fester Bestandteil der Modewelt werden und die Grenzen zwischen digitaler und physischer Realit\u00e4t weiter verwischen.<\/p>\n\n\n\n<h3 class=\"wp-block-heading\" id=\"nachhaltigkeit-als-zentraler-wert\">Nachhaltigkeit als zentraler Wert<\/h3>\n\n\n\n<p>Der Trend zu nachhaltiger Mode wird auch in Zukunft eine zentrale Rolle spielen. Designer setzen vermehrt auf umweltfreundliche Materialien und faire Produktionsprozesse, um Mode zu schaffen, die nicht nur sch\u00f6n, sondern auch ethisch vertretbar ist. <strong>Kleidung als Poesie<\/strong> wird so zu einem Symbol f\u00fcr einen verantwortungsbewussten Konsum, der die Umwelt schont und kulturelles Erbe bewahrt.<\/p>\n\n\n\n<h3 class=\"wp-block-heading\" id=\"interdisziplinare-zusammenarbeit-und-kreative-netzwerke\">Interdisziplin\u00e4re Zusammenarbeit und kreative Netzwerke<\/h3>\n\n\n\n<p>Die Zusammenarbeit zwischen verschiedenen kreativen Disziplinen wird weiter zunehmen. Designer, K\u00fcnstler, Technologen und Historiker werden gemeinsam daran arbeiten, neue Konzepte zu entwickeln, die <strong>Kleidung als Poesie<\/strong> auf innovative Weise interpretieren. Diese interdisziplin\u00e4ren Projekte f\u00f6rdern nicht nur die Kreativit\u00e4t, sondern tragen auch dazu bei, dass Mode als lebendiges, sich st\u00e4ndig wandelndes Kunstwerk wahrgenommen wird.<\/p>\n\n\n\n<h2 class=\"wp-block-heading\" id=\"fazit\">Fazit<\/h2>\n\n\n\n<p><strong>Kleidung als Poesie<\/strong> ist weit mehr als nur ein modischer Trend \u2013 sie ist ein Ausdruck von Identit\u00e4t, Kultur und Emotion. Sie erm\u00f6glicht es uns, durch die Wahl unserer Outfits Geschichten zu erz\u00e4hlen, Erinnerungen zu bewahren und unsere individuelle Pers\u00f6nlichkeit zum Ausdruck zu bringen. Ob durch die bewusste Auswahl von Farben und Mustern, die Integration kultureller Elemente oder den Einsatz innovativer Technologien \u2013 Mode wird so zu einem Medium, das die Grenzen zwischen Kunst und Alltag aufhebt.<\/p>\n\n\n\n<p>Indem wir uns auf die Poesie der Kleidung einlassen, k\u00f6nnen wir unseren Kleiderschrank in ein lebendiges Tagebuch verwandeln, das von unserer Geschichte, unseren Tr\u00e4umen und unseren kulturellen Wurzeln erz\u00e4hlt. <strong>Kleidung als Poesie<\/strong> ermutigt uns, den Mut zu haben, anders zu sein, und l\u00e4dt uns ein, unseren eigenen, unverwechselbaren Stil zu feiern.<\/p>\n\n\n\n<p>F\u00fcr weiterf\u00fchrende Informationen, inspirierende Artikel und wertvolle Tipps zu Mode, Kunst und nachhaltigen Lebensstilen besuche unsere Webseite unter <a href=\"https:\/\/de.artereciclada.com.br\/en_gb\/\">De Arte<\/a>. Dort findest du auch spannende Beitr\u00e4ge zu Sport, Lifestyle und vielen weiteren Themen, die dein Leben bereichern.<\/p>\n\n\n\n<p><strong><a href=\"https:\/\/www.youtube.com\/watch?v=6EyQmaeJZOM\" target=\"_blank\" rel=\"noopener\">Empfohlenes Video<\/a><\/strong><\/p>\n\n\n\n<p><\/p>","protected":false},"excerpt":{"rendered":"<p>Mode ist weit mehr als blo\u00dfe Bekleidung \u2013 sie ist Ausdruck von Emotion, Identit\u00e4t und kulturellem Erbe. In einer Welt, in der Trends kommen und gehen, bleibt der Gedanke an Kleidung als Poesie zeitlos. Dieser Ansatz versteht Mode als eine Sprache, die Geschichten erz\u00e4hlt, Gef\u00fchle weckt und Erinnerungen konserviert. In diesem Artikel beleuchten wir, wie [&hellip;]<\/p>\n","protected":false},"author":4,"featured_media":151,"comment_status":"open","ping_status":"open","sticky":false,"template":"","format":"standard","meta":{"footnotes":""},"categories":[7],"tags":[],"class_list":["post-150","post","type-post","status-publish","format-standard","has-post-thumbnail","hentry","category-inspiration"],"blocksy_meta":[],"_links":{"self":[{"href":"https:\/\/de.artereciclada.com.br\/en_gb\/wp-json\/wp\/v2\/posts\/150","targetHints":{"allow":["GET"]}}],"collection":[{"href":"https:\/\/de.artereciclada.com.br\/en_gb\/wp-json\/wp\/v2\/posts"}],"about":[{"href":"https:\/\/de.artereciclada.com.br\/en_gb\/wp-json\/wp\/v2\/types\/post"}],"author":[{"embeddable":true,"href":"https:\/\/de.artereciclada.com.br\/en_gb\/wp-json\/wp\/v2\/users\/4"}],"replies":[{"embeddable":true,"href":"https:\/\/de.artereciclada.com.br\/en_gb\/wp-json\/wp\/v2\/comments?post=150"}],"version-history":[{"count":1,"href":"https:\/\/de.artereciclada.com.br\/en_gb\/wp-json\/wp\/v2\/posts\/150\/revisions"}],"predecessor-version":[{"id":152,"href":"https:\/\/de.artereciclada.com.br\/en_gb\/wp-json\/wp\/v2\/posts\/150\/revisions\/152"}],"wp:featuredmedia":[{"embeddable":true,"href":"https:\/\/de.artereciclada.com.br\/en_gb\/wp-json\/wp\/v2\/media\/151"}],"wp:attachment":[{"href":"https:\/\/de.artereciclada.com.br\/en_gb\/wp-json\/wp\/v2\/media?parent=150"}],"wp:term":[{"taxonomy":"category","embeddable":true,"href":"https:\/\/de.artereciclada.com.br\/en_gb\/wp-json\/wp\/v2\/categories?post=150"},{"taxonomy":"post_tag","embeddable":true,"href":"https:\/\/de.artereciclada.com.br\/en_gb\/wp-json\/wp\/v2\/tags?post=150"}],"curies":[{"name":"wp","href":"https:\/\/api.w.org\/{rel}","templated":true}]}}